{"id":2587,"date":"2025-07-03T15:37:01","date_gmt":"2025-07-03T15:37:01","guid":{"rendered":"https:\/\/institutomasmujeres.com\/?p=2587"},"modified":"2026-01-30T21:49:08","modified_gmt":"2026-01-30T21:49:08","slug":"listado-100-mujeres-tic-referentes-en-cataluna-2025","status":"publish","type":"post","link":"https:\/\/institutomasmujeres.com\/ca\/listado-100-mujeres-tic-referentes-en-cataluna-2025\/","title":{"rendered":"Llistat 100 Dones TIC Referents a Catalunya 2025"},"content":{"rendered":"<h3 class=\"wp-block-heading\">Ja s\u00f3n aqu\u00ed: les 100 Dones Referents TIC de Catalunya<\/h3>\n\n\n\n<figure class=\"wp-block-image size-full\"><img fetchpriority=\"high\" decoding=\"async\" width=\"1024\" height=\"576\" src=\"https:\/\/institutomasmujeres.com\/wp-content\/uploads\/2025\/07\/InstitutoMasMujeres-Infografia2-horiz2.jpg\" alt=\"\" class=\"wp-image-2599\" srcset=\"https:\/\/institutomasmujeres.com\/wp-content\/uploads\/2025\/07\/InstitutoMasMujeres-Infografia2-horiz2.jpg 1024w, https:\/\/institutomasmujeres.com\/wp-content\/uploads\/2025\/07\/InstitutoMasMujeres-Infografia2-horiz2-300x169.jpg 300w, https:\/\/institutomasmujeres.com\/wp-content\/uploads\/2025\/07\/InstitutoMasMujeres-Infografia2-horiz2-768x432.jpg 768w, https:\/\/institutomasmujeres.com\/wp-content\/uploads\/2025\/07\/InstitutoMasMujeres-Infografia2-horiz2-18x10.jpg 18w\" sizes=\"(max-width: 1024px) 100vw, 1024px\" \/><\/figure>\n\n\n\n<p>En el marc del projecte de visibilitat professional impulsat per l'Instituto M\u00e1s Mujeres i amb el suport de la Generalitat de Catalunya, avui celebrem amb orgull la publicaci\u00f3 del <strong>Directori de les 100 Dones Referents del sector TIC a Catalunya 2025<\/strong>.<\/p>\n\n\n\n<p>Aquest directori \u00e9s molt m\u00e9s que un reconeixement. \u00c9s una acci\u00f3 transformadora que cerca fer visible el talent, la diversitat i el lideratge de les dones que estan construint el present i el futur de la tecnologia des de Catalunya.<\/p>\n\n\n\n<p>\ud83d\udc69\u200d\ud83d\udcbb Enginyeres, programadores, expertes en ciberseguretat, intel\u00b7lig\u00e8ncia artificial, rob\u00f2tica, disseny UX, gesti\u00f3 de projectes, innovaci\u00f3 o an\u00e0lisi de dades. Des de startups a grans corporacions, universitats i administraci\u00f3 p\u00fablica: cadascuna deixa empremta amb la feina, la mirada i l'impacte.<\/p>\n\n\n\n<h3 class=\"wp-block-heading\">Per qu\u00e8 aquesta campanya?<\/h3>\n\n\n\n<p>Perqu\u00e8 la bretxa de g\u00e8nere al sector tecnol\u00f2gic persisteix.<br>Segons el <strong>Bar\u00f2metre DonaTIC de Catalunya<\/strong>, les dones representen nom\u00e9s el <strong>35%<\/strong> de la for\u00e7a laboral al sector TIC, i aquesta xifra es redueix dr\u00e0sticament als llocs de lideratge (<strong>26,4%<\/strong>). A m\u00e9s, el <strong>50% de les especialistes TIC<\/strong> abandona el sector abans dels 35 anys.<\/p>\n\n\n\n<p>Davant d'aquesta realitat, volem construir referents reals i diversos, que inspirin les noves generacions i mostrin que <strong>s\u00ed que es pot liderar, innovar i transformar el m\u00f3n tecnol\u00f2gic sent dona<\/strong>.<\/p>\n\n\n\n<h3 class=\"wp-block-heading\">Descobreix el perfil professional, la traject\u00f2ria i els \u00e8xits destacats de cadascuna de les 100 dones seleccionades.<\/h3>\n\n\n\n<p>Dones amb hist\u00f2ries potents que inspiren des de l'autenticitat i el prop\u00f2sit.<br><\/p>\n\n\n<div style=\"position: relative; width: 100%; height: 0; padding-top: 141.4286%; padding-bottom: 0; box-shadow: 0 2px 8px 0 rgba(63,69,81,0.16); margin-top: 1.6em; margin-bottom: 0.9em; overflow: hidden; border-radius: 8px; will-change: transform;\"><br \/>\n  <iframe loading=\"lazy\" style=\"position: absolute; width: 100%; height: 100%; top: 0; left: 0; border: none; padding: 0;margin: 0;\"\n    src=\"https:\/\/www.canva.com\/design\/DAGqN9WZkRM\/ycVJw41C8BqBBxwRjOHZLw\/view?embed\" allowfullscreen=\"allowfullscreen\" allow=\"fullscreen\"><br \/>\n  <\/iframe>\n<\/div>\n<p><a href=\"https:\/\/\/ca\/&\/#x2F;&#x2F;www.canva.com&#x2F;design&#x2F;DAGqN9WZkRM&#x2F;ycVJw41C8BqBBxwRjOHZLw&#x2F;view?utm_content=DAGqN9WZkRM&amp;utm_campaign=designshare&amp;utm_medium=embeds&amp;utm_source=link\" target=\"_blank\" rel=\"noopener\">Directori 100 dones referents<\/a><\/p>\n\n\n<p><a href=\"https:\/\/drive.google.com\/file\/d\/15B_K--F4DYii3j3eW9Zwa--W8bCTxeHt\/view?usp=sharing\">Descarrega-ho aqu\u00ed en pdf.<\/a><\/p>\n\n\n\n<p><\/p>\n\n\n\n<h3 class=\"wp-block-heading\">\u00abD'una referent, neix una altra\u00bb<\/h3>\n\n\n\n<p>Aquesta frase guia tota la campanya: <strong>d'una referent, en neix una altra<\/strong>.<br>Com diu la nostra fundadora Laia Arcones: \"perqu\u00e8 creiem en el poder de l'exemple, en el contagi de la inspiraci\u00f3 i en la import\u00e0ncia de multiplicar models diversos\".<\/p>\n\n\n\n<p>Gr\u00e0cies a totes les dones que han confiat en aquest projecte. I gr\u00e0cies a les empreses, les institucions i els agents de l'ecosistema TIC que continuen apostant per la igualtat real.<\/p>\n\n\n\n<p>\ud83c\udf10 Seguirem compartint entrevistes, videos i contingut durant tot l'estiu.<br>Aix\u00f2 no ha fet m\u00e9s que comen\u00e7ar!<\/p>\n\n\n\n<figure class=\"wp-block-image size-full\"><img decoding=\"async\" width=\"1024\" height=\"557\" src=\"https:\/\/institutomasmujeres.com\/wp-content\/uploads\/2025\/07\/Foto-finish-100-mujeres-referentes-2025-evento-1.jpg\" alt=\"\" class=\"wp-image-2603\" srcset=\"https:\/\/institutomasmujeres.com\/wp-content\/uploads\/2025\/07\/Foto-finish-100-mujeres-referentes-2025-evento-1.jpg 1024w, https:\/\/institutomasmujeres.com\/wp-content\/uploads\/2025\/07\/Foto-finish-100-mujeres-referentes-2025-evento-1-300x163.jpg 300w, https:\/\/institutomasmujeres.com\/wp-content\/uploads\/2025\/07\/Foto-finish-100-mujeres-referentes-2025-evento-1-768x418.jpg 768w, https:\/\/institutomasmujeres.com\/wp-content\/uploads\/2025\/07\/Foto-finish-100-mujeres-referentes-2025-evento-1-18x10.jpg 18w\" sizes=\"(max-width: 1024px) 100vw, 1024px\" \/><\/figure>\n\n\n\n<div style=\"height:40px\" aria-hidden=\"true\" class=\"wp-block-spacer\"><\/div>\n\n\n\n<p>\ud83d\udc49 T'ha inspirat alguna hist\u00f2ria? Comparteix-ho en xarxes amb el hashtag #S\u00f2cReferentTIC<br>I si vols sumar-te a propers projectes, escriu-nos. Estem construint el futur\u2026 juntes.<\/p>\n\n\n\n<figure class=\"wp-block-image size-large\"><img decoding=\"async\" width=\"1024\" height=\"159\" src=\"https:\/\/institutomasmujeres.com\/wp-content\/uploads\/2024\/07\/Logos-i-text-Generalitat-i-UE-1024x159.png\" alt=\"\" class=\"wp-image-2882\" srcset=\"https:\/\/institutomasmujeres.com\/wp-content\/uploads\/2024\/07\/Logos-i-text-Generalitat-i-UE-1024x159.png 1024w, https:\/\/institutomasmujeres.com\/wp-content\/uploads\/2024\/07\/Logos-i-text-Generalitat-i-UE-300x47.png 300w, https:\/\/institutomasmujeres.com\/wp-content\/uploads\/2024\/07\/Logos-i-text-Generalitat-i-UE-768x119.png 768w, https:\/\/institutomasmujeres.com\/wp-content\/uploads\/2024\/07\/Logos-i-text-Generalitat-i-UE-18x3.png 18w, https:\/\/institutomasmujeres.com\/wp-content\/uploads\/2024\/07\/Logos-i-text-Generalitat-i-UE.png 1140w\" sizes=\"(max-width: 1024px) 100vw, 1024px\" \/><\/figure>\n\n\n\n<p>Finan\u00e7at amb els ajuts Impulsem el qu\u00e8 fas 2025 de l\u2019Ajuntament de Barcelona, a trav\u00e9s de Barcelona Activa<\/p>","protected":false},"excerpt":{"rendered":"<p>Ya est\u00e1 aqu\u00ed: las 100 Mujeres Referentes TIC de Catalu\u00f1a En el marco del proyecto de visibilidad profesional impulsado por el Instituto M\u00e1s Mujeres y con el apoyo de la Generalitat de Catalunya, hoy celebramos con orgullo la publicaci\u00f3n del Directorio de las 100 Mujeres Referentes del sector TIC en Catalu\u00f1a 2025. Este directorio es [&hellip;]<\/p>\n","protected":false},"author":1,"featured_media":2599,"comment_status":"open","ping_status":"open","sticky":false,"template":"","format":"standard","meta":{"_jet_sm_ready_style":"","_jet_sm_style":"","_jet_sm_controls_values":"","_jet_sm_fonts_collection":"","_jet_sm_fonts_links":"","_jetpack_memberships_contains_paid_content":false,"footnotes":""},"categories":[1],"tags":[],"class_list":["post-2587","post","type-post","status-publish","format-standard","has-post-thumbnail","hentry","category-uncategorized"],"yoast_head":"<!-- This site is optimized with the Yoast SEO plugin v27.3 - https:\/\/yoast.com\/product\/yoast-seo-wordpress\/ -->\n<title>Listado 100 Mujeres TIC Referentes en Catalu\u00f1a 2025 - Instituto M\u00e1s Mujeres<\/title>\n<meta name=\"robots\" content=\"index, follow, max-snippet:-1, max-image-preview:large, max-video-preview:-1\" \/>\n<link rel=\"canonical\" href=\"https:\/\/institutomasmujeres.com\/ca\/listado-100-mujeres-tic-referentes-en-cataluna-2025\/\" \/>\n<meta property=\"og:locale\" content=\"ca_ES\" \/>\n<meta property=\"og:type\" content=\"article\" \/>\n<meta property=\"og:title\" content=\"Listado 100 Mujeres TIC Referentes en Catalu\u00f1a 2025 - Instituto M\u00e1s Mujeres\" \/>\n<meta property=\"og:description\" content=\"Ya est\u00e1 aqu\u00ed: las 100 Mujeres Referentes TIC de Catalu\u00f1a En el marco del proyecto de visibilidad profesional impulsado por el Instituto M\u00e1s Mujeres y con el apoyo de la Generalitat de Catalunya, hoy celebramos con orgullo la publicaci\u00f3n del Directorio de las 100 Mujeres Referentes del sector TIC en Catalu\u00f1a 2025. Este directorio es [&hellip;]\" \/>\n<meta property=\"og:url\" content=\"https:\/\/institutomasmujeres.com\/ca\/listado-100-mujeres-tic-referentes-en-cataluna-2025\/\" \/>\n<meta property=\"og:site_name\" content=\"Instituto M\u00e1s Mujeres\" \/>\n<meta property=\"article:published_time\" content=\"2025-07-03T15:37:01+00:00\" \/>\n<meta property=\"article:modified_time\" content=\"2026-01-30T21:49:08+00:00\" \/>\n<meta property=\"og:image\" content=\"https:\/\/institutomasmujeres.com\/wp-content\/uploads\/2025\/07\/InstitutoMasMujeres-Infografia2-horiz2.jpg\" \/>\n\t<meta property=\"og:image:width\" content=\"1024\" \/>\n\t<meta property=\"og:image:height\" content=\"576\" \/>\n\t<meta property=\"og:image:type\" content=\"image\/jpeg\" \/>\n<meta name=\"author\" content=\"Instituto M\u00e1s Mujeres\" \/>\n<meta name=\"twitter:card\" content=\"summary_large_image\" \/>\n<meta name=\"twitter:label1\" content=\"Escrit per\" \/>\n\t<meta name=\"twitter:data1\" content=\"Instituto M\u00e1s Mujeres\" \/>\n\t<meta name=\"twitter:label2\" content=\"Temps estimat de lectura\" \/>\n\t<meta name=\"twitter:data2\" content=\"3 minuts\" \/>\n<script type=\"application\/ld+json\" class=\"yoast-schema-graph\">{\"@context\":\"https:\\\/\\\/schema.org\",\"@graph\":[{\"@type\":\"Article\",\"@id\":\"https:\\\/\\\/institutomasmujeres.com\\\/listado-100-mujeres-tic-referentes-en-cataluna-2025\\\/#article\",\"isPartOf\":{\"@id\":\"https:\\\/\\\/institutomasmujeres.com\\\/listado-100-mujeres-tic-referentes-en-cataluna-2025\\\/\"},\"author\":{\"name\":\"Instituto M\u00e1s Mujeres\",\"@id\":\"https:\\\/\\\/institutomasmujeres.com\\\/#\\\/schema\\\/person\\\/23288333984c9718f7e19bfa6d3253a2\"},\"headline\":\"Listado 100 Mujeres TIC Referentes en Catalu\u00f1a 2025\",\"datePublished\":\"2025-07-03T15:37:01+00:00\",\"dateModified\":\"2026-01-30T21:49:08+00:00\",\"mainEntityOfPage\":{\"@id\":\"https:\\\/\\\/institutomasmujeres.com\\\/listado-100-mujeres-tic-referentes-en-cataluna-2025\\\/\"},\"wordCount\":429,\"commentCount\":0,\"publisher\":{\"@id\":\"https:\\\/\\\/institutomasmujeres.com\\\/#organization\"},\"image\":{\"@id\":\"https:\\\/\\\/institutomasmujeres.com\\\/listado-100-mujeres-tic-referentes-en-cataluna-2025\\\/#primaryimage\"},\"thumbnailUrl\":\"https:\\\/\\\/institutomasmujeres.com\\\/wp-content\\\/uploads\\\/2025\\\/07\\\/InstitutoMasMujeres-Infografia2-horiz2.jpg\",\"articleSection\":[\"Uncategorized\"],\"inLanguage\":\"ca\",\"potentialAction\":[{\"@type\":\"CommentAction\",\"name\":\"Comment\",\"target\":[\"https:\\\/\\\/institutomasmujeres.com\\\/listado-100-mujeres-tic-referentes-en-cataluna-2025\\\/#respond\"]}]},{\"@type\":\"WebPage\",\"@id\":\"https:\\\/\\\/institutomasmujeres.com\\\/listado-100-mujeres-tic-referentes-en-cataluna-2025\\\/\",\"url\":\"https:\\\/\\\/institutomasmujeres.com\\\/listado-100-mujeres-tic-referentes-en-cataluna-2025\\\/\",\"name\":\"Listado 100 Mujeres TIC Referentes en Catalu\u00f1a 2025 - Instituto M\u00e1s Mujeres\",\"isPartOf\":{\"@id\":\"https:\\\/\\\/institutomasmujeres.com\\\/#website\"},\"primaryImageOfPage\":{\"@id\":\"https:\\\/\\\/institutomasmujeres.com\\\/listado-100-mujeres-tic-referentes-en-cataluna-2025\\\/#primaryimage\"},\"image\":{\"@id\":\"https:\\\/\\\/institutomasmujeres.com\\\/listado-100-mujeres-tic-referentes-en-cataluna-2025\\\/#primaryimage\"},\"thumbnailUrl\":\"https:\\\/\\\/institutomasmujeres.com\\\/wp-content\\\/uploads\\\/2025\\\/07\\\/InstitutoMasMujeres-Infografia2-horiz2.jpg\",\"datePublished\":\"2025-07-03T15:37:01+00:00\",\"dateModified\":\"2026-01-30T21:49:08+00:00\",\"breadcrumb\":{\"@id\":\"https:\\\/\\\/institutomasmujeres.com\\\/listado-100-mujeres-tic-referentes-en-cataluna-2025\\\/#breadcrumb\"},\"inLanguage\":\"ca\",\"potentialAction\":[{\"@type\":\"ReadAction\",\"target\":[\"https:\\\/\\\/institutomasmujeres.com\\\/listado-100-mujeres-tic-referentes-en-cataluna-2025\\\/\"]}]},{\"@type\":\"ImageObject\",\"inLanguage\":\"ca\",\"@id\":\"https:\\\/\\\/institutomasmujeres.com\\\/listado-100-mujeres-tic-referentes-en-cataluna-2025\\\/#primaryimage\",\"url\":\"https:\\\/\\\/institutomasmujeres.com\\\/wp-content\\\/uploads\\\/2025\\\/07\\\/InstitutoMasMujeres-Infografia2-horiz2.jpg\",\"contentUrl\":\"https:\\\/\\\/institutomasmujeres.com\\\/wp-content\\\/uploads\\\/2025\\\/07\\\/InstitutoMasMujeres-Infografia2-horiz2.jpg\",\"width\":1024,\"height\":576},{\"@type\":\"BreadcrumbList\",\"@id\":\"https:\\\/\\\/institutomasmujeres.com\\\/listado-100-mujeres-tic-referentes-en-cataluna-2025\\\/#breadcrumb\",\"itemListElement\":[{\"@type\":\"ListItem\",\"position\":1,\"name\":\"Portada\",\"item\":\"https:\\\/\\\/institutomasmujeres.com\\\/\"},{\"@type\":\"ListItem\",\"position\":2,\"name\":\"Listado 100 Mujeres TIC Referentes en Catalu\u00f1a 2025\"}]},{\"@type\":\"WebSite\",\"@id\":\"https:\\\/\\\/institutomasmujeres.com\\\/#website\",\"url\":\"https:\\\/\\\/institutomasmujeres.com\\\/\",\"name\":\"Instituto M\u00e1s Mujeres\",\"description\":\"M\u00e1s l\u00edderes, m\u00e1s visibles\",\"publisher\":{\"@id\":\"https:\\\/\\\/institutomasmujeres.com\\\/#organization\"},\"potentialAction\":[{\"@type\":\"SearchAction\",\"target\":{\"@type\":\"EntryPoint\",\"urlTemplate\":\"https:\\\/\\\/institutomasmujeres.com\\\/?s={search_term_string}\"},\"query-input\":{\"@type\":\"PropertyValueSpecification\",\"valueRequired\":true,\"valueName\":\"search_term_string\"}}],\"inLanguage\":\"ca\"},{\"@type\":\"Organization\",\"@id\":\"https:\\\/\\\/institutomasmujeres.com\\\/#organization\",\"name\":\"Instituto M\u00e1s Mujeres\",\"url\":\"https:\\\/\\\/institutomasmujeres.com\\\/\",\"logo\":{\"@type\":\"ImageObject\",\"inLanguage\":\"ca\",\"@id\":\"https:\\\/\\\/institutomasmujeres.com\\\/#\\\/schema\\\/logo\\\/image\\\/\",\"url\":\"https:\\\/\\\/institutomasmujeres.com\\\/wp-content\\\/uploads\\\/2022\\\/08\\\/mas-mujeres-amb-fletxa.svg\",\"contentUrl\":\"https:\\\/\\\/institutomasmujeres.com\\\/wp-content\\\/uploads\\\/2022\\\/08\\\/mas-mujeres-amb-fletxa.svg\",\"width\":100,\"height\":100,\"caption\":\"Instituto M\u00e1s Mujeres\"},\"image\":{\"@id\":\"https:\\\/\\\/institutomasmujeres.com\\\/#\\\/schema\\\/logo\\\/image\\\/\"}},{\"@type\":\"Person\",\"@id\":\"https:\\\/\\\/institutomasmujeres.com\\\/#\\\/schema\\\/person\\\/23288333984c9718f7e19bfa6d3253a2\",\"name\":\"Instituto M\u00e1s Mujeres\",\"image\":{\"@type\":\"ImageObject\",\"inLanguage\":\"ca\",\"@id\":\"https:\\\/\\\/secure.gravatar.com\\\/avatar\\\/2c27011bfe7558bd8b579cabd71e67d2fd62f72f3579ddd0d05b3544bab015f3?s=96&d=mm&r=g\",\"url\":\"https:\\\/\\\/secure.gravatar.com\\\/avatar\\\/2c27011bfe7558bd8b579cabd71e67d2fd62f72f3579ddd0d05b3544bab015f3?s=96&d=mm&r=g\",\"contentUrl\":\"https:\\\/\\\/secure.gravatar.com\\\/avatar\\\/2c27011bfe7558bd8b579cabd71e67d2fd62f72f3579ddd0d05b3544bab015f3?s=96&d=mm&r=g\",\"caption\":\"Instituto M\u00e1s Mujeres\"},\"sameAs\":[\"https:\\\/\\\/institutomasmujeres.com\"],\"url\":\"https:\\\/\\\/institutomasmujeres.com\\\/ca\\\/author\\\/admin\\\/\"}]}<\/script>\n<!-- \/ Yoast SEO plugin. -->","yoast_head_json":{"title":"Listado 100 Mujeres TIC Referentes en Catalu\u00f1a 2025 - Instituto M\u00e1s Mujeres","robots":{"index":"index","follow":"follow","max-snippet":"max-snippet:-1","max-image-preview":"max-image-preview:large","max-video-preview":"max-video-preview:-1"},"canonical":"https:\/\/institutomasmujeres.com\/ca\/listado-100-mujeres-tic-referentes-en-cataluna-2025\/","og_locale":"ca_ES","og_type":"article","og_title":"Listado 100 Mujeres TIC Referentes en Catalu\u00f1a 2025 - Instituto M\u00e1s Mujeres","og_description":"Ya est\u00e1 aqu\u00ed: las 100 Mujeres Referentes TIC de Catalu\u00f1a En el marco del proyecto de visibilidad profesional impulsado por el Instituto M\u00e1s Mujeres y con el apoyo de la Generalitat de Catalunya, hoy celebramos con orgullo la publicaci\u00f3n del Directorio de las 100 Mujeres Referentes del sector TIC en Catalu\u00f1a 2025. Este directorio es [&hellip;]","og_url":"https:\/\/institutomasmujeres.com\/ca\/listado-100-mujeres-tic-referentes-en-cataluna-2025\/","og_site_name":"Instituto M\u00e1s Mujeres","article_published_time":"2025-07-03T15:37:01+00:00","article_modified_time":"2026-01-30T21:49:08+00:00","og_image":[{"width":1024,"height":576,"url":"https:\/\/institutomasmujeres.com\/wp-content\/uploads\/2025\/07\/InstitutoMasMujeres-Infografia2-horiz2.jpg","type":"image\/jpeg"}],"author":"Instituto M\u00e1s Mujeres","twitter_card":"summary_large_image","twitter_misc":{"Escrit per":"Instituto M\u00e1s Mujeres","Temps estimat de lectura":"3 minuts"},"schema":{"@context":"https:\/\/schema.org","@graph":[{"@type":"Article","@id":"https:\/\/institutomasmujeres.com\/listado-100-mujeres-tic-referentes-en-cataluna-2025\/#article","isPartOf":{"@id":"https:\/\/institutomasmujeres.com\/listado-100-mujeres-tic-referentes-en-cataluna-2025\/"},"author":{"name":"Instituto M\u00e1s Mujeres","@id":"https:\/\/institutomasmujeres.com\/#\/schema\/person\/23288333984c9718f7e19bfa6d3253a2"},"headline":"Listado 100 Mujeres TIC Referentes en Catalu\u00f1a 2025","datePublished":"2025-07-03T15:37:01+00:00","dateModified":"2026-01-30T21:49:08+00:00","mainEntityOfPage":{"@id":"https:\/\/institutomasmujeres.com\/listado-100-mujeres-tic-referentes-en-cataluna-2025\/"},"wordCount":429,"commentCount":0,"publisher":{"@id":"https:\/\/institutomasmujeres.com\/#organization"},"image":{"@id":"https:\/\/institutomasmujeres.com\/listado-100-mujeres-tic-referentes-en-cataluna-2025\/#primaryimage"},"thumbnailUrl":"https:\/\/institutomasmujeres.com\/wp-content\/uploads\/2025\/07\/InstitutoMasMujeres-Infografia2-horiz2.jpg","articleSection":["Uncategorized"],"inLanguage":"ca","potentialAction":[{"@type":"CommentAction","name":"Comment","target":["https:\/\/institutomasmujeres.com\/listado-100-mujeres-tic-referentes-en-cataluna-2025\/#respond"]}]},{"@type":"WebPage","@id":"https:\/\/institutomasmujeres.com\/listado-100-mujeres-tic-referentes-en-cataluna-2025\/","url":"https:\/\/institutomasmujeres.com\/listado-100-mujeres-tic-referentes-en-cataluna-2025\/","name":"Listado 100 Mujeres TIC Referentes en Catalu\u00f1a 2025 - Instituto M\u00e1s Mujeres","isPartOf":{"@id":"https:\/\/institutomasmujeres.com\/#website"},"primaryImageOfPage":{"@id":"https:\/\/institutomasmujeres.com\/listado-100-mujeres-tic-referentes-en-cataluna-2025\/#primaryimage"},"image":{"@id":"https:\/\/institutomasmujeres.com\/listado-100-mujeres-tic-referentes-en-cataluna-2025\/#primaryimage"},"thumbnailUrl":"https:\/\/institutomasmujeres.com\/wp-content\/uploads\/2025\/07\/InstitutoMasMujeres-Infografia2-horiz2.jpg","datePublished":"2025-07-03T15:37:01+00:00","dateModified":"2026-01-30T21:49:08+00:00","breadcrumb":{"@id":"https:\/\/institutomasmujeres.com\/listado-100-mujeres-tic-referentes-en-cataluna-2025\/#breadcrumb"},"inLanguage":"ca","potentialAction":[{"@type":"ReadAction","target":["https:\/\/institutomasmujeres.com\/listado-100-mujeres-tic-referentes-en-cataluna-2025\/"]}]},{"@type":"ImageObject","inLanguage":"ca","@id":"https:\/\/institutomasmujeres.com\/listado-100-mujeres-tic-referentes-en-cataluna-2025\/#primaryimage","url":"https:\/\/institutomasmujeres.com\/wp-content\/uploads\/2025\/07\/InstitutoMasMujeres-Infografia2-horiz2.jpg","contentUrl":"https:\/\/institutomasmujeres.com\/wp-content\/uploads\/2025\/07\/InstitutoMasMujeres-Infografia2-horiz2.jpg","width":1024,"height":576},{"@type":"BreadcrumbList","@id":"https:\/\/institutomasmujeres.com\/listado-100-mujeres-tic-referentes-en-cataluna-2025\/#breadcrumb","itemListElement":[{"@type":"ListItem","position":1,"name":"Portada","item":"https:\/\/institutomasmujeres.com\/"},{"@type":"ListItem","position":2,"name":"Listado 100 Mujeres TIC Referentes en Catalu\u00f1a 2025"}]},{"@type":"WebSite","@id":"https:\/\/institutomasmujeres.com\/#website","url":"https:\/\/institutomasmujeres.com\/","name":"Instituto M\u00e1s Mujeres","description":"M\u00e1s l\u00edderes, m\u00e1s visibles","publisher":{"@id":"https:\/\/institutomasmujeres.com\/#organization"},"potentialAction":[{"@type":"SearchAction","target":{"@type":"EntryPoint","urlTemplate":"https:\/\/institutomasmujeres.com\/?s={search_term_string}"},"query-input":{"@type":"PropertyValueSpecification","valueRequired":true,"valueName":"search_term_string"}}],"inLanguage":"ca"},{"@type":"Organization","@id":"https:\/\/institutomasmujeres.com\/#organization","name":"Instituto M\u00e1s Mujeres","url":"https:\/\/institutomasmujeres.com\/","logo":{"@type":"ImageObject","inLanguage":"ca","@id":"https:\/\/institutomasmujeres.com\/#\/schema\/logo\/image\/","url":"https:\/\/institutomasmujeres.com\/wp-content\/uploads\/2022\/08\/mas-mujeres-amb-fletxa.svg","contentUrl":"https:\/\/institutomasmujeres.com\/wp-content\/uploads\/2022\/08\/mas-mujeres-amb-fletxa.svg","width":100,"height":100,"caption":"Instituto M\u00e1s Mujeres"},"image":{"@id":"https:\/\/institutomasmujeres.com\/#\/schema\/logo\/image\/"}},{"@type":"Person","@id":"https:\/\/institutomasmujeres.com\/#\/schema\/person\/23288333984c9718f7e19bfa6d3253a2","name":"Instituto M\u00e1s Mujeres","image":{"@type":"ImageObject","inLanguage":"ca","@id":"https:\/\/secure.gravatar.com\/avatar\/2c27011bfe7558bd8b579cabd71e67d2fd62f72f3579ddd0d05b3544bab015f3?s=96&d=mm&r=g","url":"https:\/\/secure.gravatar.com\/avatar\/2c27011bfe7558bd8b579cabd71e67d2fd62f72f3579ddd0d05b3544bab015f3?s=96&d=mm&r=g","contentUrl":"https:\/\/secure.gravatar.com\/avatar\/2c27011bfe7558bd8b579cabd71e67d2fd62f72f3579ddd0d05b3544bab015f3?s=96&d=mm&r=g","caption":"Instituto M\u00e1s Mujeres"},"sameAs":["https:\/\/institutomasmujeres.com"],"url":"https:\/\/institutomasmujeres.com\/ca\/author\/admin\/"}]}},"jetpack_featured_media_url":"https:\/\/institutomasmujeres.com\/wp-content\/uploads\/2025\/07\/InstitutoMasMujeres-Infografia2-horiz2.jpg","jetpack_sharing_enabled":true,"_links":{"self":[{"href":"https:\/\/institutomasmujeres.com\/ca\/wp-json\/wp\/v2\/posts\/2587","targetHints":{"allow":["GET"]}}],"collection":[{"href":"https:\/\/institutomasmujeres.com\/ca\/wp-json\/wp\/v2\/posts"}],"about":[{"href":"https:\/\/institutomasmujeres.com\/ca\/wp-json\/wp\/v2\/types\/post"}],"author":[{"embeddable":true,"href":"https:\/\/institutomasmujeres.com\/ca\/wp-json\/wp\/v2\/users\/1"}],"replies":[{"embeddable":true,"href":"https:\/\/institutomasmujeres.com\/ca\/wp-json\/wp\/v2\/comments?post=2587"}],"version-history":[{"count":11,"href":"https:\/\/institutomasmujeres.com\/ca\/wp-json\/wp\/v2\/posts\/2587\/revisions"}],"predecessor-version":[{"id":2926,"href":"https:\/\/institutomasmujeres.com\/ca\/wp-json\/wp\/v2\/posts\/2587\/revisions\/2926"}],"wp:featuredmedia":[{"embeddable":true,"href":"https:\/\/institutomasmujeres.com\/ca\/wp-json\/wp\/v2\/media\/2599"}],"wp:attachment":[{"href":"https:\/\/institutomasmujeres.com\/ca\/wp-json\/wp\/v2\/media?parent=2587"}],"wp:term":[{"taxonomy":"category","embeddable":true,"href":"https:\/\/institutomasmujeres.com\/ca\/wp-json\/wp\/v2\/categories?post=2587"},{"taxonomy":"post_tag","embeddable":true,"href":"https:\/\/institutomasmujeres.com\/ca\/wp-json\/wp\/v2\/tags?post=2587"}],"curies":[{"name":"wp","href":"https:\/\/api.w.org\/{rel}","templated":true}]}}