{"id":2608,"date":"2025-07-17T08:01:30","date_gmt":"2025-07-17T08:01:30","guid":{"rendered":"https:\/\/institutomasmujeres.com\/?p=2608"},"modified":"2026-01-30T21:43:46","modified_gmt":"2026-01-30T21:43:46","slug":"cronica-del-acto-de-reconocimiento-a-las-100-mujeres-tic-referentes-de-cataluna-2025","status":"publish","type":"post","link":"https:\/\/institutomasmujeres.com\/ca\/cronica-del-acto-de-reconocimiento-a-las-100-mujeres-tic-referentes-de-cataluna-2025\/","title":{"rendered":"Cr\u00f2nica de l'acte de reconeixement a les 100 dones TIC referents a Catalunya 2025"},"content":{"rendered":"<p class=\"has-text-align-center\">\u201cQuan una referent es mostra, moltes m\u00e9s s'atreveixen a brillar\u201d<\/p>\n\n\n\n<figure class=\"wp-block-embed is-type-video is-provider-vimeo wp-block-embed-vimeo wp-embed-aspect-16-9 wp-has-aspect-ratio\"><div class=\"wp-block-embed__wrapper\">\n<iframe title=\"Event Women Talks - homenatge 100 dones TIC referents\" src=\"https:\/\/player.vimeo.com\/video\/1102189876?dnt=1&amp;app_id=122963\" width=\"800\" height=\"450\" frameborder=\"0\" allow=\"autoplay; fullscreen; picture-in-picture; clipboard-write; encrypted-media; web-share\" referrerpolicy=\"strict-origin-when-cross-origin\"><\/iframe>\n<\/div><\/figure>\n\n\n\n<p>El 8 de juliol passat vam viure una tarda que dif\u00edcilment oblidarem.<\/p>\n\n\n\n<p>L'auditori del Cibern\u00e0rium es va omplir d'emoci\u00f3, d'inspiraci\u00f3 i de poder femen\u00ed durant l'acte de reconeixement a les 100 dones referents del sector TIC a Catalunya, un esdeveniment organitzat per Instituto M\u00e1s Mujeres, amb el suport del Departament d'Empresa i Treball de la Generalitat de Catalunya i els fons Next Generation.<\/p>\n\n\n\n<p>Una cita inoblidable que va reunir professionals, estudiants, institucions i empreses compromeses amb la igualtat, per celebrar el talent femen\u00ed digital i reivindicar-ne la merescuda visibilitat.<\/p>\n\n\n\n<h3 class=\"wp-block-heading\">Un acte condu\u00eft per Laia Arcones<\/h3>\n\n\n\n<p>La impulsora de la iniciativa, Laia Arcones, va liderar i moderar la jornada amb una barreja de calidesa i contund\u00e8ncia. El seu missatge inicial va ser clar i transformador:<\/p>\n\n\n\n<p>&nbsp;\"Hem de perdre la por de brillar. El que admirem a les altres tamb\u00e9 est\u00e0 en nosaltres. Ser referents parteix d'una connexi\u00f3 profunda amb la nostra autenticitat.\"<\/p>\n\n\n\n<h3 class=\"wp-block-heading\">Xerrades inspiradores que van deixar empremta<\/h3>\n\n\n\n<p>Quatre dones van compartir la seva hist\u00f2ria, for\u00e7a i aprenentatges en format TED:<\/p>\n\n\n\n<p><strong>Mar\u00eda Jos\u00e9 Zambrano (ITNow)<\/strong><\/p>\n\n\n\n<p>\"No deixis que ning\u00fa et digui que no pots, ni tan sols tu mateixa.\"<\/p>\n\n\n\n<p>Una lli\u00e7\u00f3 de perseveran\u00e7a i de trencar barreres mentals i externes.<\/p>\n\n\n\n<figure class=\"wp-block-embed is-type-video is-provider-vimeo wp-block-embed-vimeo\"><div class=\"wp-block-embed__wrapper\">\n<iframe title=\"Talk 1 - 8 de juliol 2025.mp4\" src=\"https:\/\/player.vimeo.com\/video\/1102199446?dnt=1&amp;app_id=122963\" width=\"800\" height=\"450\" frameborder=\"0\" allow=\"autoplay; fullscreen; picture-in-picture; clipboard-write; encrypted-media; web-share\" referrerpolicy=\"strict-origin-when-cross-origin\"><\/iframe>\n<\/div><\/figure>\n\n\n\n<p><strong>Minerva Gomis (SopraSteria)<\/strong><\/p>\n\n\n\n<p>Amb el domini de 7 idiomes, ens va recordar que el sector tecnol\u00f2gic necessita diversitat de mirades i traject\u00f2ries.<\/p>\n\n\n\n<p>\"Cada perfil aporta una perspectiva \u00fanica. Siguem valents.\"<\/p>\n\n\n\n<figure class=\"wp-block-embed is-type-video is-provider-vimeo wp-block-embed-vimeo wp-embed-aspect-16-9 wp-has-aspect-ratio\"><div class=\"wp-block-embed__wrapper\">\n<iframe title=\"Talk 2 - 8 de julio 2025\" src=\"https:\/\/player.vimeo.com\/video\/1102199786?dnt=1&amp;app_id=122963\" width=\"800\" height=\"450\" frameborder=\"0\" allow=\"autoplay; fullscreen; picture-in-picture; clipboard-write; encrypted-media; web-share\" referrerpolicy=\"strict-origin-when-cross-origin\"><\/iframe>\n<\/div><\/figure>\n\n\n\n<p><strong>Eva Roura (NttData)<\/strong><\/p>\n\n\n\n<p>Va demostrar que la maternitat no frena una carrera professional.<\/p>\n\n\n\n<p>\"Podem liderar amb passi\u00f3 sense renunciar al que som i fent equip. Creem la nostra pr\u00f2pia realitat.\"<\/p>\n\n\n\n<figure class=\"wp-block-embed is-type-video is-provider-vimeo wp-block-embed-vimeo wp-embed-aspect-16-9 wp-has-aspect-ratio\"><div class=\"wp-block-embed__wrapper\">\n<iframe title=\"Talk 3 - 8 de juliol 2025\" src=\"https:\/\/player.vimeo.com\/video\/1102200549?dnt=1&amp;app_id=122963\" width=\"800\" height=\"450\" frameborder=\"0\" allow=\"autoplay; fullscreen; picture-in-picture; clipboard-write; encrypted-media; web-share\" referrerpolicy=\"strict-origin-when-cross-origin\"><\/iframe>\n<\/div><\/figure>\n\n\n\n<p><strong>Susana Prado (Inetum)<\/strong><\/p>\n\n\n\n<p>Brillant i propera, ens va emocionar amb la seva energia:<\/p>\n\n\n\n<p>\"Fes all\u00f2 que et faci brillar els ulls. Tenim la responsabilitat de ser referents positius per a d'altres.\"<\/p>\n\n\n\n<figure class=\"wp-block-embed is-type-video is-provider-vimeo wp-block-embed-vimeo wp-embed-aspect-16-9 wp-has-aspect-ratio\"><div class=\"wp-block-embed__wrapper\">\n<iframe title=\"Talk 4 - 8 de juliol 2025\" src=\"https:\/\/player.vimeo.com\/video\/1102200881?dnt=1&amp;app_id=122963\" width=\"800\" height=\"450\" frameborder=\"0\" allow=\"autoplay; fullscreen; picture-in-picture; clipboard-write; encrypted-media; web-share\" referrerpolicy=\"strict-origin-when-cross-origin\"><\/iframe>\n<\/div><\/figure>\n\n\n\n<p><\/p>\n\n\n\n<h3 class=\"wp-block-heading\">Una taula rodona per obrir camins<\/h3>\n\n\n\n<p>Moderada per Laia Arcones, la taula rodona va reunir quatre veus referents de l'ecosistema TIC i medi\u00e0tic:<\/p>\n\n\n\n<div class=\"wp-block-group\"><div class=\"wp-block-group__inner-container is-layout-constrained wp-block-group-is-layout-constrained\">\n<ul class=\"wp-block-list\">\n<li>Anna Cejudo (Founderz): va reivindicar el poder de la intu\u00efci\u00f3 i l'autenticitat com a motor professional.<\/li>\n\n\n\n<li>Eli Abad (Between Tech): ens va deixar la pregunta clau: \u201cOn pots crear m\u00e9s impacte?\u201d<\/li>\n\n\n\n<li>Anna Navarro (executiva tech y diputada): desde su experiencia internacional, afirm\u00f3 con contundencia: \u201cLas mujeres traemos paz y visi\u00f3n estrat\u00e9gica. Debemos estar en todos los espacios.\u201d<\/li>\n\n\n\n<li>Xantal Llavina (RNE4): una for\u00e7a comunicadora que ens va animar a visibilitzar, agrair i atrevir-nos amb tot.<\/li>\n<\/ul>\n<\/div><\/div>\n\n\n\n<p>Pots reviure la taula rodona aqu\u00ed:<\/p>\n\n\n\n<p><\/p>\n\n\n\n<figure class=\"wp-block-embed is-type-video is-provider-vimeo wp-block-embed-vimeo wp-embed-aspect-16-9 wp-has-aspect-ratio\"><div class=\"wp-block-embed__wrapper\">\n<iframe title=\"Taula rodona event 8 de juliol 2025.mp4\" src=\"https:\/\/player.vimeo.com\/video\/1102198301?dnt=1&amp;app_id=122963\" width=\"800\" height=\"450\" frameborder=\"0\" allow=\"autoplay; fullscreen; picture-in-picture; clipboard-write; encrypted-media; web-share\" referrerpolicy=\"strict-origin-when-cross-origin\"><\/iframe>\n<\/div><\/figure>\n\n\n\n<h3 class=\"wp-block-heading\">Un missatge que traspassa fronteres<\/h3>\n\n\n\n<p>Des de l'Equador, Mar\u00eda Jos\u00e9 L\u00f3pez Montero, activista i impulsora d'iniciatives amb dones vulnerables, ens va recordar que encara hi ha molta feina a fer.<\/p>\n\n\n\n<p>\"No podem normalitzar la desigualtat. Continuem creant espais on totes puguem avan\u00e7ar.\"<\/p>\n\n\n\n<h3 class=\"wp-block-heading\">Un homenatge que \u00e9s nom\u00e9s el principi<\/h3>\n\n\n\n<p>Aquest acte no va ser una cloenda. Va ser una obertura.<\/p>\n\n\n\n<p>Una celebraci\u00f3 col\u00b7lectiva per dir alt i clar que el talent femen\u00ed existeix, resisteix i transforma.<\/p>\n\n\n\n<p>Gr\u00e0cies infinites a totes les dones referents que hi van participar, a les persones assistents, a tot l'equip organitzador.<\/p>\n\n\n\n<p>I recorda:<\/p>\n\n\n\n<p><em>\u201cD'una referent, en neix una altra.\u201d<\/em><\/p>\n\n\n\n<p>Aqu\u00ed pots veure alguns testimonials de l'esdeveniment:<\/p>\n\n\n\n<figure class=\"wp-block-embed is-type-video is-provider-vimeo wp-block-embed-vimeo wp-embed-aspect-16-9 wp-has-aspect-ratio\"><div class=\"wp-block-embed__wrapper\">\n<iframe title=\"Testimonials event Women Talks 8 juliol 2025\" src=\"https:\/\/player.vimeo.com\/video\/1102192454?dnt=1&amp;app_id=122963\" width=\"800\" height=\"450\" frameborder=\"0\" allow=\"autoplay; fullscreen; picture-in-picture; clipboard-write; encrypted-media; web-share\" referrerpolicy=\"strict-origin-when-cross-origin\"><\/iframe>\n<\/div><\/figure>\n\n\n\n<figure class=\"wp-block-image size-large\"><img fetchpriority=\"high\" decoding=\"async\" width=\"1024\" height=\"159\" src=\"https:\/\/institutomasmujeres.com\/wp-content\/uploads\/2024\/07\/Logos-i-text-Generalitat-i-UE-1024x159.png\" alt=\"\" class=\"wp-image-2882\" srcset=\"https:\/\/institutomasmujeres.com\/wp-content\/uploads\/2024\/07\/Logos-i-text-Generalitat-i-UE-1024x159.png 1024w, https:\/\/institutomasmujeres.com\/wp-content\/uploads\/2024\/07\/Logos-i-text-Generalitat-i-UE-300x47.png 300w, https:\/\/institutomasmujeres.com\/wp-content\/uploads\/2024\/07\/Logos-i-text-Generalitat-i-UE-768x119.png 768w, https:\/\/institutomasmujeres.com\/wp-content\/uploads\/2024\/07\/Logos-i-text-Generalitat-i-UE-18x3.png 18w, https:\/\/institutomasmujeres.com\/wp-content\/uploads\/2024\/07\/Logos-i-text-Generalitat-i-UE.png 1140w\" sizes=\"(max-width: 1024px) 100vw, 1024px\" \/><\/figure>\n\n\n\n<p>Finan\u00e7at amb els ajuts Impulsem el qu\u00e8 fas 2025 de l\u2019Ajuntament de Barcelona, a trav\u00e9s de Barcelona Activa<\/p>","protected":false},"excerpt":{"rendered":"<p>\u201cCuando una referente se muestra, muchas m\u00e1s se atreven a brillar\u201d El pasado 8 de julio vivimos una tarde que dif\u00edcilmente olvidaremos. El auditorio del Cibern\u00e0rium se llen\u00f3 de emoci\u00f3n, inspiraci\u00f3n y poder femenino durante el acto de reconocimiento a las 100 mujeres referentes del sector TIC en Catalu\u00f1a, un evento organizado por Instituto M\u00e1s [&hellip;]<\/p>\n","protected":false},"author":5,"featured_media":2603,"comment_status":"open","ping_status":"open","sticky":false,"template":"","format":"standard","meta":{"_jet_sm_ready_style":"","_jet_sm_style":"","_jet_sm_controls_values":"","_jet_sm_fonts_collection":"","_jet_sm_fonts_links":"","_jetpack_memberships_contains_paid_content":false,"footnotes":""},"categories":[1],"tags":[],"class_list":["post-2608","post","type-post","status-publish","format-standard","has-post-thumbnail","hentry","category-uncategorized"],"yoast_head":"<!-- This site is optimized with the Yoast SEO plugin v27.3 - https:\/\/yoast.com\/product\/yoast-seo-wordpress\/ -->\n<title>Cr\u00f3nica del acto de reconocimiento a las 100 mujeres TIC referentes de Catalu\u00f1a 2025 - Instituto M\u00e1s Mujeres<\/title>\n<meta name=\"robots\" content=\"index, follow, max-snippet:-1, max-image-preview:large, max-video-preview:-1\" \/>\n<link rel=\"canonical\" href=\"https:\/\/institutomasmujeres.com\/ca\/cronica-del-acto-de-reconocimiento-a-las-100-mujeres-tic-referentes-de-cataluna-2025\/\" \/>\n<meta property=\"og:locale\" content=\"ca_ES\" \/>\n<meta property=\"og:type\" content=\"article\" \/>\n<meta property=\"og:title\" content=\"Cr\u00f3nica del acto de reconocimiento a las 100 mujeres TIC referentes de Catalu\u00f1a 2025 - Instituto M\u00e1s Mujeres\" \/>\n<meta property=\"og:description\" content=\"\u201cCuando una referente se muestra, muchas m\u00e1s se atreven a brillar\u201d El pasado 8 de julio vivimos una tarde que dif\u00edcilmente olvidaremos. El auditorio del Cibern\u00e0rium se llen\u00f3 de emoci\u00f3n, inspiraci\u00f3n y poder femenino durante el acto de reconocimiento a las 100 mujeres referentes del sector TIC en Catalu\u00f1a, un evento organizado por Instituto M\u00e1s [&hellip;]\" \/>\n<meta property=\"og:url\" content=\"https:\/\/institutomasmujeres.com\/ca\/cronica-del-acto-de-reconocimiento-a-las-100-mujeres-tic-referentes-de-cataluna-2025\/\" \/>\n<meta property=\"og:site_name\" content=\"Instituto M\u00e1s Mujeres\" \/>\n<meta property=\"article:published_time\" content=\"2025-07-17T08:01:30+00:00\" \/>\n<meta property=\"article:modified_time\" content=\"2026-01-30T21:43:46+00:00\" \/>\n<meta property=\"og:image\" content=\"https:\/\/institutomasmujeres.com\/wp-content\/uploads\/2025\/07\/Foto-finish-100-mujeres-referentes-2025-evento-1.jpg\" \/>\n\t<meta property=\"og:image:width\" content=\"1024\" \/>\n\t<meta property=\"og:image:height\" content=\"557\" \/>\n\t<meta property=\"og:image:type\" content=\"image\/jpeg\" \/>\n<meta name=\"author\" content=\"Instituto M\u00e1s Mujeres\" \/>\n<meta name=\"twitter:card\" content=\"summary_large_image\" \/>\n<meta name=\"twitter:label1\" content=\"Escrit per\" \/>\n\t<meta name=\"twitter:data1\" content=\"Instituto M\u00e1s Mujeres\" \/>\n\t<meta name=\"twitter:label2\" content=\"Temps estimat de lectura\" \/>\n\t<meta name=\"twitter:data2\" content=\"3 minuts\" \/>\n<script type=\"application\/ld+json\" class=\"yoast-schema-graph\">{\"@context\":\"https:\\\/\\\/schema.org\",\"@graph\":[{\"@type\":\"Article\",\"@id\":\"https:\\\/\\\/institutomasmujeres.com\\\/cronica-del-acto-de-reconocimiento-a-las-100-mujeres-tic-referentes-de-cataluna-2025\\\/#article\",\"isPartOf\":{\"@id\":\"https:\\\/\\\/institutomasmujeres.com\\\/cronica-del-acto-de-reconocimiento-a-las-100-mujeres-tic-referentes-de-cataluna-2025\\\/\"},\"author\":{\"name\":\"Instituto M\u00e1s Mujeres\",\"@id\":\"https:\\\/\\\/institutomasmujeres.com\\\/#\\\/schema\\\/person\\\/a24da8d74cbfb013cc713d763c487f44\"},\"headline\":\"Cr\u00f3nica del acto de reconocimiento a las 100 mujeres TIC referentes de Catalu\u00f1a 2025\",\"datePublished\":\"2025-07-17T08:01:30+00:00\",\"dateModified\":\"2026-01-30T21:43:46+00:00\",\"mainEntityOfPage\":{\"@id\":\"https:\\\/\\\/institutomasmujeres.com\\\/cronica-del-acto-de-reconocimiento-a-las-100-mujeres-tic-referentes-de-cataluna-2025\\\/\"},\"wordCount\":578,\"commentCount\":0,\"publisher\":{\"@id\":\"https:\\\/\\\/institutomasmujeres.com\\\/#organization\"},\"image\":{\"@id\":\"https:\\\/\\\/institutomasmujeres.com\\\/cronica-del-acto-de-reconocimiento-a-las-100-mujeres-tic-referentes-de-cataluna-2025\\\/#primaryimage\"},\"thumbnailUrl\":\"https:\\\/\\\/institutomasmujeres.com\\\/wp-content\\\/uploads\\\/2025\\\/07\\\/Foto-finish-100-mujeres-referentes-2025-evento-1.jpg\",\"articleSection\":[\"Uncategorized\"],\"inLanguage\":\"ca\",\"potentialAction\":[{\"@type\":\"CommentAction\",\"name\":\"Comment\",\"target\":[\"https:\\\/\\\/institutomasmujeres.com\\\/cronica-del-acto-de-reconocimiento-a-las-100-mujeres-tic-referentes-de-cataluna-2025\\\/#respond\"]}]},{\"@type\":\"WebPage\",\"@id\":\"https:\\\/\\\/institutomasmujeres.com\\\/cronica-del-acto-de-reconocimiento-a-las-100-mujeres-tic-referentes-de-cataluna-2025\\\/\",\"url\":\"https:\\\/\\\/institutomasmujeres.com\\\/cronica-del-acto-de-reconocimiento-a-las-100-mujeres-tic-referentes-de-cataluna-2025\\\/\",\"name\":\"Cr\u00f3nica del acto de reconocimiento a las 100 mujeres TIC referentes de Catalu\u00f1a 2025 - Instituto M\u00e1s Mujeres\",\"isPartOf\":{\"@id\":\"https:\\\/\\\/institutomasmujeres.com\\\/#website\"},\"primaryImageOfPage\":{\"@id\":\"https:\\\/\\\/institutomasmujeres.com\\\/cronica-del-acto-de-reconocimiento-a-las-100-mujeres-tic-referentes-de-cataluna-2025\\\/#primaryimage\"},\"image\":{\"@id\":\"https:\\\/\\\/institutomasmujeres.com\\\/cronica-del-acto-de-reconocimiento-a-las-100-mujeres-tic-referentes-de-cataluna-2025\\\/#primaryimage\"},\"thumbnailUrl\":\"https:\\\/\\\/institutomasmujeres.com\\\/wp-content\\\/uploads\\\/2025\\\/07\\\/Foto-finish-100-mujeres-referentes-2025-evento-1.jpg\",\"datePublished\":\"2025-07-17T08:01:30+00:00\",\"dateModified\":\"2026-01-30T21:43:46+00:00\",\"breadcrumb\":{\"@id\":\"https:\\\/\\\/institutomasmujeres.com\\\/cronica-del-acto-de-reconocimiento-a-las-100-mujeres-tic-referentes-de-cataluna-2025\\\/#breadcrumb\"},\"inLanguage\":\"ca\",\"potentialAction\":[{\"@type\":\"ReadAction\",\"target\":[\"https:\\\/\\\/institutomasmujeres.com\\\/cronica-del-acto-de-reconocimiento-a-las-100-mujeres-tic-referentes-de-cataluna-2025\\\/\"]}]},{\"@type\":\"ImageObject\",\"inLanguage\":\"ca\",\"@id\":\"https:\\\/\\\/institutomasmujeres.com\\\/cronica-del-acto-de-reconocimiento-a-las-100-mujeres-tic-referentes-de-cataluna-2025\\\/#primaryimage\",\"url\":\"https:\\\/\\\/institutomasmujeres.com\\\/wp-content\\\/uploads\\\/2025\\\/07\\\/Foto-finish-100-mujeres-referentes-2025-evento-1.jpg\",\"contentUrl\":\"https:\\\/\\\/institutomasmujeres.com\\\/wp-content\\\/uploads\\\/2025\\\/07\\\/Foto-finish-100-mujeres-referentes-2025-evento-1.jpg\",\"width\":1024,\"height\":557},{\"@type\":\"BreadcrumbList\",\"@id\":\"https:\\\/\\\/institutomasmujeres.com\\\/cronica-del-acto-de-reconocimiento-a-las-100-mujeres-tic-referentes-de-cataluna-2025\\\/#breadcrumb\",\"itemListElement\":[{\"@type\":\"ListItem\",\"position\":1,\"name\":\"Portada\",\"item\":\"https:\\\/\\\/institutomasmujeres.com\\\/\"},{\"@type\":\"ListItem\",\"position\":2,\"name\":\"Cr\u00f3nica del acto de reconocimiento a las 100 mujeres TIC referentes de Catalu\u00f1a 2025\"}]},{\"@type\":\"WebSite\",\"@id\":\"https:\\\/\\\/institutomasmujeres.com\\\/#website\",\"url\":\"https:\\\/\\\/institutomasmujeres.com\\\/\",\"name\":\"Instituto M\u00e1s Mujeres\",\"description\":\"M\u00e1s l\u00edderes, m\u00e1s visibles\",\"publisher\":{\"@id\":\"https:\\\/\\\/institutomasmujeres.com\\\/#organization\"},\"potentialAction\":[{\"@type\":\"SearchAction\",\"target\":{\"@type\":\"EntryPoint\",\"urlTemplate\":\"https:\\\/\\\/institutomasmujeres.com\\\/?s={search_term_string}\"},\"query-input\":{\"@type\":\"PropertyValueSpecification\",\"valueRequired\":true,\"valueName\":\"search_term_string\"}}],\"inLanguage\":\"ca\"},{\"@type\":\"Organization\",\"@id\":\"https:\\\/\\\/institutomasmujeres.com\\\/#organization\",\"name\":\"Instituto M\u00e1s Mujeres\",\"url\":\"https:\\\/\\\/institutomasmujeres.com\\\/\",\"logo\":{\"@type\":\"ImageObject\",\"inLanguage\":\"ca\",\"@id\":\"https:\\\/\\\/institutomasmujeres.com\\\/#\\\/schema\\\/logo\\\/image\\\/\",\"url\":\"https:\\\/\\\/institutomasmujeres.com\\\/wp-content\\\/uploads\\\/2022\\\/08\\\/mas-mujeres-amb-fletxa.svg\",\"contentUrl\":\"https:\\\/\\\/institutomasmujeres.com\\\/wp-content\\\/uploads\\\/2022\\\/08\\\/mas-mujeres-amb-fletxa.svg\",\"width\":100,\"height\":100,\"caption\":\"Instituto M\u00e1s Mujeres\"},\"image\":{\"@id\":\"https:\\\/\\\/institutomasmujeres.com\\\/#\\\/schema\\\/logo\\\/image\\\/\"}},{\"@type\":\"Person\",\"@id\":\"https:\\\/\\\/institutomasmujeres.com\\\/#\\\/schema\\\/person\\\/a24da8d74cbfb013cc713d763c487f44\",\"name\":\"Instituto M\u00e1s Mujeres\",\"image\":{\"@type\":\"ImageObject\",\"inLanguage\":\"ca\",\"@id\":\"https:\\\/\\\/secure.gravatar.com\\\/avatar\\\/6b3f2f23404842710df11fe63286fea25ca77c7fba24fefe26545c0912860ade?s=96&d=mm&r=g\",\"url\":\"https:\\\/\\\/secure.gravatar.com\\\/avatar\\\/6b3f2f23404842710df11fe63286fea25ca77c7fba24fefe26545c0912860ade?s=96&d=mm&r=g\",\"contentUrl\":\"https:\\\/\\\/secure.gravatar.com\\\/avatar\\\/6b3f2f23404842710df11fe63286fea25ca77c7fba24fefe26545c0912860ade?s=96&d=mm&r=g\",\"caption\":\"Instituto M\u00e1s Mujeres\"},\"url\":\"https:\\\/\\\/institutomasmujeres.com\\\/ca\\\/author\\\/info_imm\\\/\"}]}<\/script>\n<!-- \/ Yoast SEO plugin. -->","yoast_head_json":{"title":"Cr\u00f3nica del acto de reconocimiento a las 100 mujeres TIC referentes de Catalu\u00f1a 2025 - Instituto M\u00e1s Mujeres","robots":{"index":"index","follow":"follow","max-snippet":"max-snippet:-1","max-image-preview":"max-image-preview:large","max-video-preview":"max-video-preview:-1"},"canonical":"https:\/\/institutomasmujeres.com\/ca\/cronica-del-acto-de-reconocimiento-a-las-100-mujeres-tic-referentes-de-cataluna-2025\/","og_locale":"ca_ES","og_type":"article","og_title":"Cr\u00f3nica del acto de reconocimiento a las 100 mujeres TIC referentes de Catalu\u00f1a 2025 - Instituto M\u00e1s Mujeres","og_description":"\u201cCuando una referente se muestra, muchas m\u00e1s se atreven a brillar\u201d El pasado 8 de julio vivimos una tarde que dif\u00edcilmente olvidaremos. El auditorio del Cibern\u00e0rium se llen\u00f3 de emoci\u00f3n, inspiraci\u00f3n y poder femenino durante el acto de reconocimiento a las 100 mujeres referentes del sector TIC en Catalu\u00f1a, un evento organizado por Instituto M\u00e1s [&hellip;]","og_url":"https:\/\/institutomasmujeres.com\/ca\/cronica-del-acto-de-reconocimiento-a-las-100-mujeres-tic-referentes-de-cataluna-2025\/","og_site_name":"Instituto M\u00e1s Mujeres","article_published_time":"2025-07-17T08:01:30+00:00","article_modified_time":"2026-01-30T21:43:46+00:00","og_image":[{"width":1024,"height":557,"url":"https:\/\/institutomasmujeres.com\/wp-content\/uploads\/2025\/07\/Foto-finish-100-mujeres-referentes-2025-evento-1.jpg","type":"image\/jpeg"}],"author":"Instituto M\u00e1s Mujeres","twitter_card":"summary_large_image","twitter_misc":{"Escrit per":"Instituto M\u00e1s Mujeres","Temps estimat de lectura":"3 minuts"},"schema":{"@context":"https:\/\/schema.org","@graph":[{"@type":"Article","@id":"https:\/\/institutomasmujeres.com\/cronica-del-acto-de-reconocimiento-a-las-100-mujeres-tic-referentes-de-cataluna-2025\/#article","isPartOf":{"@id":"https:\/\/institutomasmujeres.com\/cronica-del-acto-de-reconocimiento-a-las-100-mujeres-tic-referentes-de-cataluna-2025\/"},"author":{"name":"Instituto M\u00e1s Mujeres","@id":"https:\/\/institutomasmujeres.com\/#\/schema\/person\/a24da8d74cbfb013cc713d763c487f44"},"headline":"Cr\u00f3nica del acto de reconocimiento a las 100 mujeres TIC referentes de Catalu\u00f1a 2025","datePublished":"2025-07-17T08:01:30+00:00","dateModified":"2026-01-30T21:43:46+00:00","mainEntityOfPage":{"@id":"https:\/\/institutomasmujeres.com\/cronica-del-acto-de-reconocimiento-a-las-100-mujeres-tic-referentes-de-cataluna-2025\/"},"wordCount":578,"commentCount":0,"publisher":{"@id":"https:\/\/institutomasmujeres.com\/#organization"},"image":{"@id":"https:\/\/institutomasmujeres.com\/cronica-del-acto-de-reconocimiento-a-las-100-mujeres-tic-referentes-de-cataluna-2025\/#primaryimage"},"thumbnailUrl":"https:\/\/institutomasmujeres.com\/wp-content\/uploads\/2025\/07\/Foto-finish-100-mujeres-referentes-2025-evento-1.jpg","articleSection":["Uncategorized"],"inLanguage":"ca","potentialAction":[{"@type":"CommentAction","name":"Comment","target":["https:\/\/institutomasmujeres.com\/cronica-del-acto-de-reconocimiento-a-las-100-mujeres-tic-referentes-de-cataluna-2025\/#respond"]}]},{"@type":"WebPage","@id":"https:\/\/institutomasmujeres.com\/cronica-del-acto-de-reconocimiento-a-las-100-mujeres-tic-referentes-de-cataluna-2025\/","url":"https:\/\/institutomasmujeres.com\/cronica-del-acto-de-reconocimiento-a-las-100-mujeres-tic-referentes-de-cataluna-2025\/","name":"Cr\u00f3nica del acto de reconocimiento a las 100 mujeres TIC referentes de Catalu\u00f1a 2025 - Instituto M\u00e1s Mujeres","isPartOf":{"@id":"https:\/\/institutomasmujeres.com\/#website"},"primaryImageOfPage":{"@id":"https:\/\/institutomasmujeres.com\/cronica-del-acto-de-reconocimiento-a-las-100-mujeres-tic-referentes-de-cataluna-2025\/#primaryimage"},"image":{"@id":"https:\/\/institutomasmujeres.com\/cronica-del-acto-de-reconocimiento-a-las-100-mujeres-tic-referentes-de-cataluna-2025\/#primaryimage"},"thumbnailUrl":"https:\/\/institutomasmujeres.com\/wp-content\/uploads\/2025\/07\/Foto-finish-100-mujeres-referentes-2025-evento-1.jpg","datePublished":"2025-07-17T08:01:30+00:00","dateModified":"2026-01-30T21:43:46+00:00","breadcrumb":{"@id":"https:\/\/institutomasmujeres.com\/cronica-del-acto-de-reconocimiento-a-las-100-mujeres-tic-referentes-de-cataluna-2025\/#breadcrumb"},"inLanguage":"ca","potentialAction":[{"@type":"ReadAction","target":["https:\/\/institutomasmujeres.com\/cronica-del-acto-de-reconocimiento-a-las-100-mujeres-tic-referentes-de-cataluna-2025\/"]}]},{"@type":"ImageObject","inLanguage":"ca","@id":"https:\/\/institutomasmujeres.com\/cronica-del-acto-de-reconocimiento-a-las-100-mujeres-tic-referentes-de-cataluna-2025\/#primaryimage","url":"https:\/\/institutomasmujeres.com\/wp-content\/uploads\/2025\/07\/Foto-finish-100-mujeres-referentes-2025-evento-1.jpg","contentUrl":"https:\/\/institutomasmujeres.com\/wp-content\/uploads\/2025\/07\/Foto-finish-100-mujeres-referentes-2025-evento-1.jpg","width":1024,"height":557},{"@type":"BreadcrumbList","@id":"https:\/\/institutomasmujeres.com\/cronica-del-acto-de-reconocimiento-a-las-100-mujeres-tic-referentes-de-cataluna-2025\/#breadcrumb","itemListElement":[{"@type":"ListItem","position":1,"name":"Portada","item":"https:\/\/institutomasmujeres.com\/"},{"@type":"ListItem","position":2,"name":"Cr\u00f3nica del acto de reconocimiento a las 100 mujeres TIC referentes de Catalu\u00f1a 2025"}]},{"@type":"WebSite","@id":"https:\/\/institutomasmujeres.com\/#website","url":"https:\/\/institutomasmujeres.com\/","name":"Instituto M\u00e1s Mujeres","description":"M\u00e1s l\u00edderes, m\u00e1s visibles","publisher":{"@id":"https:\/\/institutomasmujeres.com\/#organization"},"potentialAction":[{"@type":"SearchAction","target":{"@type":"EntryPoint","urlTemplate":"https:\/\/institutomasmujeres.com\/?s={search_term_string}"},"query-input":{"@type":"PropertyValueSpecification","valueRequired":true,"valueName":"search_term_string"}}],"inLanguage":"ca"},{"@type":"Organization","@id":"https:\/\/institutomasmujeres.com\/#organization","name":"Instituto M\u00e1s Mujeres","url":"https:\/\/institutomasmujeres.com\/","logo":{"@type":"ImageObject","inLanguage":"ca","@id":"https:\/\/institutomasmujeres.com\/#\/schema\/logo\/image\/","url":"https:\/\/institutomasmujeres.com\/wp-content\/uploads\/2022\/08\/mas-mujeres-amb-fletxa.svg","contentUrl":"https:\/\/institutomasmujeres.com\/wp-content\/uploads\/2022\/08\/mas-mujeres-amb-fletxa.svg","width":100,"height":100,"caption":"Instituto M\u00e1s Mujeres"},"image":{"@id":"https:\/\/institutomasmujeres.com\/#\/schema\/logo\/image\/"}},{"@type":"Person","@id":"https:\/\/institutomasmujeres.com\/#\/schema\/person\/a24da8d74cbfb013cc713d763c487f44","name":"Instituto M\u00e1s Mujeres","image":{"@type":"ImageObject","inLanguage":"ca","@id":"https:\/\/secure.gravatar.com\/avatar\/6b3f2f23404842710df11fe63286fea25ca77c7fba24fefe26545c0912860ade?s=96&d=mm&r=g","url":"https:\/\/secure.gravatar.com\/avatar\/6b3f2f23404842710df11fe63286fea25ca77c7fba24fefe26545c0912860ade?s=96&d=mm&r=g","contentUrl":"https:\/\/secure.gravatar.com\/avatar\/6b3f2f23404842710df11fe63286fea25ca77c7fba24fefe26545c0912860ade?s=96&d=mm&r=g","caption":"Instituto M\u00e1s Mujeres"},"url":"https:\/\/institutomasmujeres.com\/ca\/author\/info_imm\/"}]}},"jetpack_featured_media_url":"https:\/\/institutomasmujeres.com\/wp-content\/uploads\/2025\/07\/Foto-finish-100-mujeres-referentes-2025-evento-1.jpg","jetpack_sharing_enabled":true,"_links":{"self":[{"href":"https:\/\/institutomasmujeres.com\/ca\/wp-json\/wp\/v2\/posts\/2608","targetHints":{"allow":["GET"]}}],"collection":[{"href":"https:\/\/institutomasmujeres.com\/ca\/wp-json\/wp\/v2\/posts"}],"about":[{"href":"https:\/\/institutomasmujeres.com\/ca\/wp-json\/wp\/v2\/types\/post"}],"author":[{"embeddable":true,"href":"https:\/\/institutomasmujeres.com\/ca\/wp-json\/wp\/v2\/users\/5"}],"replies":[{"embeddable":true,"href":"https:\/\/institutomasmujeres.com\/ca\/wp-json\/wp\/v2\/comments?post=2608"}],"version-history":[{"count":11,"href":"https:\/\/institutomasmujeres.com\/ca\/wp-json\/wp\/v2\/posts\/2608\/revisions"}],"predecessor-version":[{"id":2924,"href":"https:\/\/institutomasmujeres.com\/ca\/wp-json\/wp\/v2\/posts\/2608\/revisions\/2924"}],"wp:featuredmedia":[{"embeddable":true,"href":"https:\/\/institutomasmujeres.com\/ca\/wp-json\/wp\/v2\/media\/2603"}],"wp:attachment":[{"href":"https:\/\/institutomasmujeres.com\/ca\/wp-json\/wp\/v2\/media?parent=2608"}],"wp:term":[{"taxonomy":"category","embeddable":true,"href":"https:\/\/institutomasmujeres.com\/ca\/wp-json\/wp\/v2\/categories?post=2608"},{"taxonomy":"post_tag","embeddable":true,"href":"https:\/\/institutomasmujeres.com\/ca\/wp-json\/wp\/v2\/tags?post=2608"}],"curies":[{"name":"wp","href":"https:\/\/api.w.org\/{rel}","templated":true}]}}